{"id":641,"date":"2008-06-29T07:47:04","date_gmt":"2008-06-29T05:47:04","guid":{"rendered":"https:\/\/dreidee.org\/?p=641"},"modified":"2026-01-29T08:15:13","modified_gmt":"2026-01-29T07:15:13","slug":"herbstlaub","status":"publish","type":"post","link":"https:\/\/dreidee.org\/?p=641","title":{"rendered":"Herbstlaub"},"content":{"rendered":"\n<p>Mein Abschlussfilm des Studiums an der Filmakadmie Baden-W\u00fcrttemberg, am Animationsinstitut: <strong>Herbstlaub<\/strong> &#8211; 2007. War ein Teil meiner Diplomarbeiten &#8211; 3 Wochen Arbeitszeit, um doch noch ein eigenes Werk umzusetzen. \ud83d\ude42 Dank an alle, die mir das ernsthaft zugetraut haben und vor allem diejenigen, die mitgemacht (und gesungen! &lt;3) haben&#8230;<\/p>\n\n\n\n<figure class=\"wp-block-embed is-type-video is-provider-youtube wp-block-embed-youtube wp-embed-aspect-16-9 wp-has-aspect-ratio\"><div class=\"wp-block-embed__wrapper\">\n<iframe loading=\"lazy\" title=\"Herbstlaub (2007)\" width=\"525\" height=\"295\" src=\"https:\/\/www.youtube.com\/embed\/HXY0VClPduw?feature=oembed\" frameborder=\"0\" allow=\"accelerometer; autoplay; clipboard-write; encrypted-media; gyroscope; picture-in-picture; web-share\" referrerpolicy=\"strict-origin-when-cross-origin\" allowfullscreen><\/iframe>\n<\/div><\/figure>\n\n\n\n<p>Im Anschluss durfte ich den Kurzfilms als visuelle CI der FMX 2008 adaptieren. Hochaufl\u00f6sende Stills wurden verwendet f\u00fcr Banner, Kataloge, Eintrittskarten, und es wurde ein Haupttrailer (siehe unten) produziert sowie vier Kurzvarianten als Programmpunkt-Trenner. Zus\u00e4tzlich wurde eine stereoskopische Version vorgef\u00fchrt &#8211; es war zu Beginn der allm\u00e4hlich abebbenden letzten Welle des 3D-Hypes.<\/p>\n\n\n\n<figure class=\"wp-block-embed is-type-video is-provider-youtube wp-block-embed-youtube wp-embed-aspect-16-9 wp-has-aspect-ratio\"><div class=\"wp-block-embed__wrapper\">\n<iframe loading=\"lazy\" title=\"Herbstlaub - FMX&#039;08\" width=\"525\" height=\"295\" src=\"https:\/\/www.youtube.com\/embed\/Pi1c-ioXcAk?feature=oembed\" frameborder=\"0\" allow=\"accelerometer; autoplay; clipboard-write; encrypted-media; gyroscope; picture-in-picture; web-share\" referrerpolicy=\"strict-origin-when-cross-origin\" allowfullscreen><\/iframe>\n<\/div><\/figure>\n","protected":false},"excerpt":{"rendered":"<p>Mein Abschlussfilm des Studiums an der Filmakadmie Baden-W\u00fcrttemberg, am Animationsinstitut: Herbstlaub &#8211; 2007. War ein Teil meiner Diplomarbeiten &#8211; 3 Wochen Arbeitszeit, um doch noch ein eigenes Werk umzusetzen. \ud83d\ude42 Dank an alle, die mir das ernsthaft zugetraut haben und vor allem diejenigen, die mitgemacht (und gesungen! &lt;3) haben&#8230; Im Anschluss durfte ich den Kurzfilms &hellip; <\/p>\n<p class=\"link-more\"><a href=\"https:\/\/dreidee.org\/?p=641\" class=\"more-link\"><span class=\"screen-reader-text\">\u201eHerbstlaub\u201c <\/span>weiterlesen<\/a><\/p>\n","protected":false},"author":1,"featured_media":0,"comment_status":"closed","ping_status":"closed","sticky":false,"template":"","format":"standard","meta":{"pgc_sgb_lightbox_settings":"","footnotes":""},"categories":[5],"tags":[38],"class_list":["post-641","post","type-post","status-publish","format-standard","hentry","category-cg","tag-diploma"],"_links":{"self":[{"href":"https:\/\/dreidee.org\/index.php?rest_route=\/wp\/v2\/posts\/641","targetHints":{"allow":["GET"]}}],"collection":[{"href":"https:\/\/dreidee.org\/index.php?rest_route=\/wp\/v2\/posts"}],"about":[{"href":"https:\/\/dreidee.org\/index.php?rest_route=\/wp\/v2\/types\/post"}],"author":[{"embeddable":true,"href":"https:\/\/dreidee.org\/index.php?rest_route=\/wp\/v2\/users\/1"}],"replies":[{"embeddable":true,"href":"https:\/\/dreidee.org\/index.php?rest_route=%2Fwp%2Fv2%2Fcomments&post=641"}],"version-history":[{"count":3,"href":"https:\/\/dreidee.org\/index.php?rest_route=\/wp\/v2\/posts\/641\/revisions"}],"predecessor-version":[{"id":649,"href":"https:\/\/dreidee.org\/index.php?rest_route=\/wp\/v2\/posts\/641\/revisions\/649"}],"wp:attachment":[{"href":"https:\/\/dreidee.org\/index.php?rest_route=%2Fwp%2Fv2%2Fmedia&parent=641"}],"wp:term":[{"taxonomy":"category","embeddable":true,"href":"https:\/\/dreidee.org\/index.php?rest_route=%2Fwp%2Fv2%2Fcategories&post=641"},{"taxonomy":"post_tag","embeddable":true,"href":"https:\/\/dreidee.org\/index.php?rest_route=%2Fwp%2Fv2%2Ftags&post=641"}],"curies":[{"name":"wp","href":"https:\/\/api.w.org\/{rel}","templated":true}]}}